{"id":2986,"date":"2025-04-02T12:01:12","date_gmt":"2025-04-02T15:01:12","guid":{"rendered":"https:\/\/sindipolo.org.br\/?p=2986"},"modified":"2025-04-02T12:01:12","modified_gmt":"2025-04-02T15:01:12","slug":"sindipolo-rs-participa-do-10o-congresso-nacional-da-cnq-e-reforca-lutas-da-categoria","status":"publish","type":"post","link":"https:\/\/sindipolo.org.br\/?p=2986","title":{"rendered":"Sindipolo\/RS participa do 10\u00ba Congresso Nacional da CNQ e refor\u00e7a lutas da categoria"},"content":{"rendered":"\n<p>O Sindipolo\/RS esteve presente no 10\u00ba Congresso Nacional da Confedera\u00e7\u00e3o Nacional do Ramo Qu\u00edmico (CNQ-CUT), realizado nos dias 28, 29 e 30 de mar\u00e7o. O evento reuniu 170 delegados e delegadas de 49 sindicatos, representando 16 estados brasileiros, e teve como principais pautas a defesa de direitos trabalhistas, previd\u00eancia, da democracia, a resist\u00eancia contra a ultradireita patronal e a constru\u00e7\u00e3o de um movimento sindical forte, unificado e mobilizado.<br>O Congresso tamb\u00e9m marcou a elei\u00e7\u00e3o da nova dire\u00e7\u00e3o da CNQ para o per\u00edodo 2025-2029.<br>O Sindipolo contribuiu no debate de temas fundamentais para a Categoria Petroqu\u00edmica, portanto para a Classe trabalhadora, como a corre\u00e7\u00e3o de toda a tabela do Imposto de Renda, a aposentadoria especial sem limite de idade, a redu\u00e7\u00e3o da jornada de trabalho e a seguran\u00e7a no trabalho, especialmente no que diz respeito \u00e0 exposi\u00e7\u00e3o ao Benzeno.<br>Justi\u00e7a tribut\u00e1ria e Aposentadoria Especial<br>Durante as discuss\u00f5es, o dirigente Gerson Cardoso destacou a necessidade de corre\u00e7\u00e3o integral da tabela do Imposto de Renda, alertando para a injusti\u00e7a da tributa\u00e7\u00e3o sobre adicionais de insalubridade, periculosidade e de turno. \u201cSe tem que cobrar sobre sal\u00e1rios, o que j\u00e1 \u00e9 um equ\u00edvoco, n\u00e3o pode cobrar sobre os adicionais\u201d, argumentou.<br>Ele tamb\u00e9m defendeu a retomada da Aposentadoria Especial sem limite de idade e com benef\u00edcio no teto previdenci\u00e1rio, criticando os retrocessos impostos pela reforma da Previd\u00eancia em 2019 pelo governo Bolsonaro. Para o sindicato, esta reforma, somada \u00e0 reforma trabalhista, foi uma \u201cdeformidade\u201d que prejudicou profundamente os trabalhadores\/as.<br>Redu\u00e7\u00e3o da jornada e compromisso com o emprego digno<br>A import\u00e2ncia da mobiliza\u00e7\u00e3o sindical tamb\u00e9m foi refor\u00e7ada pelo presidente Ivonei Arnt, que destacou a necessidade de retomar as manifesta\u00e7\u00f5es de rua para lutar pelas pautas de interesse dos trabalhadores e trabalhadoras. Um dos temas defendido \u00e9 pela redu\u00e7\u00e3o da jornada de trabalho. Ele citou a campanha da CUT-RS, \u201cVida N\u00e3o Tem Hora Extra\u201d, como um exemplo de iniciativa que deve ser amplamente apoiada pelo Ramo Qu\u00edmico.<br>Outro ponto abordado foi a contrapartida das empresas do setor qu\u00edmico, que recebem incentivos fiscais e cr\u00e9ditos a fundo perdido (REIQ). \u201cEsses benef\u00edcios precisam vir acompanhados de compromissos com os trabalhadores, garantindo a manuten\u00e7\u00e3o dos empregos e valoriza\u00e7\u00e3o salarial\u201d, ressaltou.<br>Seguran\u00e7a no trabalho e combate ao benzeno<br>Uma das preocupa\u00e7\u00f5es centrais do Congresso foi a seguran\u00e7a dos trabalhadores expostos a agentes qu\u00edmicos perigosos, como o Benzeno. Representantes do Sindipolo\/RS refor\u00e7aram a necessidade de impedir qualquer retrocesso na regulamenta\u00e7\u00e3o da exposi\u00e7\u00e3o a essa subst\u00e2ncia cancer\u00edgena. \u201cN\u00e3o existe n\u00edvel seguro para exposi\u00e7\u00e3o ao Benzeno\u201d, alertou Gerson, denunciando as tentativas patronais de reintroduzir um Limites de Toler\u00e2ncia para essa subst\u00e2ncia &#8220;assassina&#8221;.<br>O superintendente da Superintend\u00eancia Regional do Trabalho em S\u00e3o Paulo (SRTE-SP), Marcelo Bergamasco Silva, participou do 10\u00ba Congresso Nacional da CNQ, representando o Ministro do Trabalho Luiz Marinho, onde o Sindipolo\/RS discutiu a necessidade de impedir retrocessos na regulamenta\u00e7\u00e3o da exposi\u00e7\u00e3o ao Benzeno. A principal preocupa\u00e7\u00e3o \u00e9 evitar a reintrodu\u00e7\u00e3o de um Limite de Toler\u00e2ncia para essa subst\u00e2ncia altamente cancer\u00edgena e garantir a retomada das Comiss\u00f5es Nacional e Estaduais de forma permanente, assegurando um monitoramento cont\u00ednuo e eficaz para a prote\u00e7\u00e3o dos trabalhadores do setor.<br>Fortalecimento do movimento sindical<br>A abertura do Congresso contou com a presen\u00e7a de importantes lideran\u00e7as sindicais e pol\u00edticas, como o presidente da CNQ, Geralcino Teixeira, que enfatizou o simbolismo do evento realizado presencialmente ap\u00f3s quatro anos da pandemia. Ele destacou que, apesar das condi\u00e7\u00f5es pol\u00edticas terem mudado com a elei\u00e7\u00e3o de Lula, a disputa ideol\u00f3gica segue intensa e exige grande capacidade de mobiliza\u00e7\u00e3o e articula\u00e7\u00e3o das entidades sindicais e suas categorias.<br>O evento tamb\u00e9m contou com a participa\u00e7\u00e3o de diversas federa\u00e7\u00f5es e sindicatos, al\u00e9m de representantes do Minist\u00e9rio do Trabalho e Emprego e de organiza\u00e7\u00f5es parceiras como Fundacentro e Dieese.<br>Pr\u00f3ximos passos<br>Com a defini\u00e7\u00e3o da nova dire\u00e7\u00e3o da CNQ e o fortalecimento das pautas defendidas no Congresso, o Sindipolo\/RS reafirma seu compromisso com a luta dos petroqu\u00edmicos do Rio Grande do Sul. A entidade seguir\u00e1 atenta \u00e0s mobiliza\u00e7\u00f5es nacionais, buscando avan\u00e7os nas quest\u00f5es tribut\u00e1rias, previdenci\u00e1rias, trabalhistas e na seguran\u00e7a no ambiente de trabalho.<br>A unidade da Categoria e a participa\u00e7\u00e3o ativa dos trabalhadores s\u00e3o fundamentais para garantir conquistas e evitar retrocessos. O Sindipolo\/RS continuar\u00e1 engajado nessa luta, fortalecendo a representatividade sindical e ampliando o debate sobre os desafios e caminhos para um futuro mais justo para os trabalhadores e trabalhadoras do Setor Qu\u00edmico.<br>Assessoria de Comunica\u00e7\u00e3o<br>02\/04\/2025 11:57:15<\/p>\n","protected":false},"excerpt":{"rendered":"<p>O Sindipolo\/RS esteve presente no 10\u00ba Congresso Nacional da Confedera\u00e7\u00e3o Nacional do Ramo Qu\u00edmico (CNQ-CUT), realizado nos dias 28, 29 e 30 de mar\u00e7o. O evento reuniu 170 delegados e delegadas de 49 sindicatos, representando 16 estados brasileiros, e teve como principais pautas a defesa de direitos trabalhistas, previd\u00eancia, da democracia, a resist\u00eancia contra a [&hellip;]<\/p>\n","protected":false},"author":1,"featured_media":2987,"comment_status":"open","ping_status":"open","sticky":false,"template":"","format":"standard","meta":{"footnotes":""},"categories":[10],"tags":[],"class_list":["post-2986","post","type-post","status-publish","format-standard","has-post-thumbnail","hentry","category-noticias"],"_links":{"self":[{"href":"https:\/\/sindipolo.org.br\/index.php?rest_route=\/wp\/v2\/posts\/2986","targetHints":{"allow":["GET"]}}],"collection":[{"href":"https:\/\/sindipolo.org.br\/index.php?rest_route=\/wp\/v2\/posts"}],"about":[{"href":"https:\/\/sindipolo.org.br\/index.php?rest_route=\/wp\/v2\/types\/post"}],"author":[{"embeddable":true,"href":"https:\/\/sindipolo.org.br\/index.php?rest_route=\/wp\/v2\/users\/1"}],"replies":[{"embeddable":true,"href":"https:\/\/sindipolo.org.br\/index.php?rest_route=%2Fwp%2Fv2%2Fcomments&post=2986"}],"version-history":[{"count":1,"href":"https:\/\/sindipolo.org.br\/index.php?rest_route=\/wp\/v2\/posts\/2986\/revisions"}],"predecessor-version":[{"id":2988,"href":"https:\/\/sindipolo.org.br\/index.php?rest_route=\/wp\/v2\/posts\/2986\/revisions\/2988"}],"wp:featuredmedia":[{"embeddable":true,"href":"https:\/\/sindipolo.org.br\/index.php?rest_route=\/wp\/v2\/media\/2987"}],"wp:attachment":[{"href":"https:\/\/sindipolo.org.br\/index.php?rest_route=%2Fwp%2Fv2%2Fmedia&parent=2986"}],"wp:term":[{"taxonomy":"category","embeddable":true,"href":"https:\/\/sindipolo.org.br\/index.php?rest_route=%2Fwp%2Fv2%2Fcategories&post=2986"},{"taxonomy":"post_tag","embeddable":true,"href":"https:\/\/sindipolo.org.br\/index.php?rest_route=%2Fwp%2Fv2%2Ftags&post=2986"}],"curies":[{"name":"wp","href":"https:\/\/api.w.org\/{rel}","templated":true}]}}