{"id":3260,"date":"2025-12-26T15:14:21","date_gmt":"2025-12-26T18:14:21","guid":{"rendered":"https:\/\/sindipolo.org.br\/?p=3260"},"modified":"2025-12-26T15:14:22","modified_gmt":"2025-12-26T18:14:22","slug":"saude-mental-de-fachada-quando-o-discurso-do-cuidado-encobre-a-violencia-institucional","status":"publish","type":"post","link":"https:\/\/sindipolo.org.br\/?p=3260","title":{"rendered":"Sa\u00fade Mental de Fachada: quando o discurso do cuidado encobre a viol\u00eancia institucional"},"content":{"rendered":"\n<p>Quando uma empresa afirma se importar com a sa\u00fade mental, mas age de forma desumana e traum\u00e1tica, fica evidente que esse compromisso \u00e9 mais ret\u00f3rico do que real. O discurso do cuidado n\u00e3o se sustenta quando, na pr\u00e1tica, decis\u00f5es organizacionais produzem sofrimento ps\u00edquico profundo e evit\u00e1vel. O que se observa, nesses casos, \u00e9 uma dissocia\u00e7\u00e3o grave entre os valores declarados e as a\u00e7\u00f5es concretas.<\/p>\n\n\n\n<p>Chama aten\u00e7\u00e3o, tamb\u00e9m, a situa\u00e7\u00e3o imposta aos profissionais de sa\u00fade mental que s\u00e3o obrigados a atuar de acordo com a l\u00f3gica da empresa. Muitas vezes, sua atua\u00e7\u00e3o se limita \u00e0 aplica\u00e7\u00e3o de question\u00e1rios superficiais \u2014 \u201ctestezinhos\u201d de clima organizacional, pesquisas r\u00e1pidas de engajamento ou de bem-estar \u2014 que geram gr\u00e1ficos, indicadores e relat\u00f3rios esteticamente bem apresentados. Esses instrumentos, embora possam ter algum valor diagn\u00f3stico inicial, tornam-se vazios quando n\u00e3o h\u00e1, por parte da gest\u00e3o, disposi\u00e7\u00e3o \u00e9tica e institucional para analisar, avaliar e aprofundar os efeitos reais das pr\u00e1ticas empresariais sobre a vida dos trabalhadores.<\/p>\n\n\n\n<p>Quando uma demiss\u00e3o ocorre em um momento simb\u00f3lico e emocionalmente sens\u00edvel, como a v\u00e9spera de Natal, n\u00e3o se trata apenas de um \u201cevento administrativo\u201d. Trata-se de uma ruptura que atinge a identidade, a autoestima, o senso de pertencimento e a dignidade humana. \u00c9 nesse ponto que a omiss\u00e3o se revela: a empresa sequer questiona os impactos ps\u00edquicos dessas decis\u00f5es que resultam numa verdadeira viol\u00eancia institucional.<\/p>\n\n\n\n<p>N\u00e3o h\u00e1 um real aprofundamento sobre a desconstru\u00e7\u00e3o interna que ocorre quando um trabalhador \u00e9 descartado de forma fria e simb\u00f3lica. Ignoram-se o luto ps\u00edquico, o sentimento de desvalor, a vergonha social, o medo do futuro e o adoecimento mental que pode se instalar. O sil\u00eancio e a omiss\u00e3o \u00e9tica transformam o cuidado com a sa\u00fade mental em uma encena\u00e7\u00e3o \u2014 algo que existe nos manuais da empresa, mas n\u00e3o na vida real.<\/p>\n\n\n\n<p>Nesse cen\u00e1rio, normas como a NR-1, ao reconhecerem os riscos psicossociais no trabalho, tornam-se relevantes n\u00e3o apenas pelo seu peso legal, mas por exporem uma contradi\u00e7\u00e3o estrutural: n\u00e3o \u00e9 poss\u00edvel falar em sa\u00fade mental sem revisar pr\u00e1ticas organizacionais que produzem sofrimento. Sem essa coer\u00eancia, qualquer discurso de bem-estar seguir\u00e1 sendo apenas um enfeite institucional, incapaz de proteger quem, de fato, sustenta a empresa com seu trabalho e sua vida.<\/p>\n\n\n\n<p>Assessoria de Comunica\u00e7\u00e3o<\/p>\n\n\n\n<p>26\/12\/2025 12:10:51<\/p>\n","protected":false},"excerpt":{"rendered":"<p>Quando uma empresa afirma se importar com a sa\u00fade mental, mas age de forma desumana e traum\u00e1tica, fica evidente que esse compromisso \u00e9 mais ret\u00f3rico do que real. O discurso do cuidado n\u00e3o se sustenta quando, na pr\u00e1tica, decis\u00f5es organizacionais produzem sofrimento ps\u00edquico profundo e evit\u00e1vel. O que se observa, nesses casos, \u00e9 uma dissocia\u00e7\u00e3o [&hellip;]<\/p>\n","protected":false},"author":1,"featured_media":3261,"comment_status":"open","ping_status":"open","sticky":false,"template":"","format":"standard","meta":{"footnotes":""},"categories":[10],"tags":[],"class_list":["post-3260","post","type-post","status-publish","format-standard","has-post-thumbnail","hentry","category-noticias"],"_links":{"self":[{"href":"https:\/\/sindipolo.org.br\/index.php?rest_route=\/wp\/v2\/posts\/3260","targetHints":{"allow":["GET"]}}],"collection":[{"href":"https:\/\/sindipolo.org.br\/index.php?rest_route=\/wp\/v2\/posts"}],"about":[{"href":"https:\/\/sindipolo.org.br\/index.php?rest_route=\/wp\/v2\/types\/post"}],"author":[{"embeddable":true,"href":"https:\/\/sindipolo.org.br\/index.php?rest_route=\/wp\/v2\/users\/1"}],"replies":[{"embeddable":true,"href":"https:\/\/sindipolo.org.br\/index.php?rest_route=%2Fwp%2Fv2%2Fcomments&post=3260"}],"version-history":[{"count":1,"href":"https:\/\/sindipolo.org.br\/index.php?rest_route=\/wp\/v2\/posts\/3260\/revisions"}],"predecessor-version":[{"id":3262,"href":"https:\/\/sindipolo.org.br\/index.php?rest_route=\/wp\/v2\/posts\/3260\/revisions\/3262"}],"wp:featuredmedia":[{"embeddable":true,"href":"https:\/\/sindipolo.org.br\/index.php?rest_route=\/wp\/v2\/media\/3261"}],"wp:attachment":[{"href":"https:\/\/sindipolo.org.br\/index.php?rest_route=%2Fwp%2Fv2%2Fmedia&parent=3260"}],"wp:term":[{"taxonomy":"category","embeddable":true,"href":"https:\/\/sindipolo.org.br\/index.php?rest_route=%2Fwp%2Fv2%2Fcategories&post=3260"},{"taxonomy":"post_tag","embeddable":true,"href":"https:\/\/sindipolo.org.br\/index.php?rest_route=%2Fwp%2Fv2%2Ftags&post=3260"}],"curies":[{"name":"wp","href":"https:\/\/api.w.org\/{rel}","templated":true}]}}