{"id":3285,"date":"2026-01-09T17:24:37","date_gmt":"2026-01-09T20:24:37","guid":{"rendered":"https:\/\/sindipolo.org.br\/?p=3285"},"modified":"2026-01-09T17:24:37","modified_gmt":"2026-01-09T20:24:37","slug":"sindipolo-participa-de-ato-em-defesa-da-democracia-e-soberania","status":"publish","type":"post","link":"https:\/\/sindipolo.org.br\/?p=3285","title":{"rendered":"SINDIPOLO PARTICIPA DE ATO EM DEFESA DA DEMOCRACIA E SOBERANIA"},"content":{"rendered":"\n<p>Juntamente com a CUT, demais Centrais Sindicais e por diversos&nbsp; sindicatos, o SINDIPOLO representou os Trabalhadores\/as Petroqu\u00edmicos no ato em defesa da Democracia, da Soberania Nacional e da autodetermina\u00e7\u00e3o dos povos da Am\u00e9rica Latina, realizado no dia 08\/01, no centro da Capital\/RS.<\/p>\n\n\n\n<p>Organiza\u00e7\u00f5es sindicais, movimentos populares, estudantes e parlamentares engajados nas lutas trabalhistas e sociais se reuniram no final da tarde na Esquina Democr\u00e1tica de Porto Alegre, onde lembraram os tr\u00eas anos da tentativa de golpe de Estado ocorrida em 08 de janeiro de 2023, quando as sedes dos Tr\u00eas Poderes, em Bras\u00edlia, foram invadidos por grupos extremistas.<\/p>\n\n\n\n<p>Com palavras de ordem como \u201csem anistia\u201d e \u201cn\u00e3o vamos negociar a Soberania\u201d, os manifestantes destacaram a import\u00e2ncia da responsabiliza\u00e7\u00e3o dos envolvidos nesta grave tentativa de golpe e rejeitaram qualquer possibilidade de anistia para os golpistas.<\/p>\n\n\n\n<p>Abrindo o ato, o historiador e ex-deputado federal, Raul Pont, fez uma interven\u00e7\u00e3o voltada \u00e0 contextualiza\u00e7\u00e3o do atual cen\u00e1rio pol\u00edtico da Am\u00e9rica Latina. Ele destacou o agravamento das tens\u00f5es na regi\u00e3o, marcado por disputas geopol\u00edticas, amea\u00e7as \u00e0 soberania nacional e recorrentes ataques \u00e0s institui\u00e7\u00f5es democr\u00e1ticas de v\u00e1rios pa\u00edses. Outras falas destacaram a situa\u00e7\u00e3o da Venezuela e defenderam a paz, o di\u00e1logo e a soberania entre os povos latino-americanos.<\/p>\n\n\n\n<p><strong>MEM\u00d3RIA VIVA E N\u00c3O A INTERVEN\u00c7\u00c3O NA VENEZUELA<\/strong> \u2013 O ato ratificou que a tentativa de golpe de 08 de janeiro\/2023 n\u00e3o podem ser tratados como um epis\u00f3dio encerrado, mas da insist\u00eancia cont\u00ednua de for\u00e7as antidemocr\u00e1ticas, internas e externas ao pa\u00eds, na tentativa de ruptura democr\u00e1tica no Brasil.<\/p>\n\n\n\n<p>Al\u00e9m da quest\u00e3o brasileira, a manifesta\u00e7\u00e3o tamb\u00e9m foi impulsionada pela situa\u00e7\u00e3o pol\u00edtica na Am\u00e9rica Latina, especialmente na Venezuela. Os participantes denunciaram o imperialismo americano, repudiaram o recente ataque militar \u00e0 Venezuela pelo governo americano, que culminou no sequestro do presidente Nicol\u00e1s Maduro e sua esposa, e reiteraram que a Am\u00e9rica Latina n\u00e3o ser\u00e1 tutelada pelos EUA. O que ocorreu na Venezuela \u00e9 um n\u00edtido exemplo de viola\u00e7\u00e3o da soberania dos pa\u00edses latino-americanos e de interfer\u00eancia externa nos processos pol\u00edticos e na apodera\u00e7\u00e3o das suas riquezas, principalmente o petr\u00f3leo. Nesse sentido, destacaram, a fundamental unidade dos povos latino-americanos para a defesa da SOBERANIA e da DEMOCRACIA dos pa\u00edses, bem como de suas riquezas.<\/p>\n\n\n\n<p>Assessoria de Comunica\u00e7\u00e3o<\/p>\n\n\n\n<p>09\/01\/2026 11:53:10<\/p>\n","protected":false},"excerpt":{"rendered":"<p>Juntamente com a CUT, demais Centrais Sindicais e por diversos&nbsp; sindicatos, o SINDIPOLO representou os Trabalhadores\/as Petroqu\u00edmicos no ato em defesa da Democracia, da Soberania Nacional e da autodetermina\u00e7\u00e3o dos povos da Am\u00e9rica Latina, realizado no dia 08\/01, no centro da Capital\/RS. Organiza\u00e7\u00f5es sindicais, movimentos populares, estudantes e parlamentares engajados nas lutas trabalhistas e sociais [&hellip;]<\/p>\n","protected":false},"author":1,"featured_media":3286,"comment_status":"open","ping_status":"open","sticky":false,"template":"","format":"standard","meta":{"footnotes":""},"categories":[10],"tags":[],"class_list":["post-3285","post","type-post","status-publish","format-standard","has-post-thumbnail","hentry","category-noticias"],"_links":{"self":[{"href":"https:\/\/sindipolo.org.br\/index.php?rest_route=\/wp\/v2\/posts\/3285","targetHints":{"allow":["GET"]}}],"collection":[{"href":"https:\/\/sindipolo.org.br\/index.php?rest_route=\/wp\/v2\/posts"}],"about":[{"href":"https:\/\/sindipolo.org.br\/index.php?rest_route=\/wp\/v2\/types\/post"}],"author":[{"embeddable":true,"href":"https:\/\/sindipolo.org.br\/index.php?rest_route=\/wp\/v2\/users\/1"}],"replies":[{"embeddable":true,"href":"https:\/\/sindipolo.org.br\/index.php?rest_route=%2Fwp%2Fv2%2Fcomments&post=3285"}],"version-history":[{"count":1,"href":"https:\/\/sindipolo.org.br\/index.php?rest_route=\/wp\/v2\/posts\/3285\/revisions"}],"predecessor-version":[{"id":3287,"href":"https:\/\/sindipolo.org.br\/index.php?rest_route=\/wp\/v2\/posts\/3285\/revisions\/3287"}],"wp:featuredmedia":[{"embeddable":true,"href":"https:\/\/sindipolo.org.br\/index.php?rest_route=\/wp\/v2\/media\/3286"}],"wp:attachment":[{"href":"https:\/\/sindipolo.org.br\/index.php?rest_route=%2Fwp%2Fv2%2Fmedia&parent=3285"}],"wp:term":[{"taxonomy":"category","embeddable":true,"href":"https:\/\/sindipolo.org.br\/index.php?rest_route=%2Fwp%2Fv2%2Fcategories&post=3285"},{"taxonomy":"post_tag","embeddable":true,"href":"https:\/\/sindipolo.org.br\/index.php?rest_route=%2Fwp%2Fv2%2Ftags&post=3285"}],"curies":[{"name":"wp","href":"https:\/\/api.w.org\/{rel}","templated":true}]}}